{"id":6734,"date":"2021-01-25T20:33:00","date_gmt":"2021-01-25T20:33:00","guid":{"rendered":"http:\/\/nojoumpress.ma\/?p=6734"},"modified":"2021-01-29T10:49:15","modified_gmt":"2021-01-29T10:49:15","slug":"6734","status":"publish","type":"post","link":"https:\/\/nojoumpress.ma\/?p=6734","title":{"rendered":"L&#8217;Etat islamique et le Polisario sont les deux faces d&#8217;une m\u00eame m\u00e9daille."},"content":{"rendered":"<p>L&#8217;Etat islamique et le Polisario sont les deux faces d&#8217;une m\u00eame m\u00e9daille.<\/p>\n<p>\u00c9crit par: Ahmed Al-Sharafi<\/p>\n<p>Suivi et \u00e9dition: Professeur Muhammad Reda<\/p>\n<p>Certains peuvent diff\u00e9rer dans le concept du mot terrorisme, mais sa v\u00e9ritable signification est un groupe d&#8217;actes de violence commis par une organisation ou des individus dans l&#8217;intention de perturber la s\u00e9curit\u00e9 de l&#8217;\u00c9tat et d&#8217;atteindre des objectifs politiques ou priv\u00e9s, qui sont des actions injustifi\u00e9es. , moyens et pratiques pratiqu\u00e9s par des organisations ou des milices qui terrifient les citoyens pour des raisons qui peuvent \u00eatre politiques, quels que soient ses diff\u00e9rents \u00e9metteurs.<br \/>\nCertains affirment que parmi les raisons qui font de la milice du Polisario un groupe terroriste par excellence, il y a son incapacit\u00e9 \u00e0 se soumettre au fait accompli impos\u00e9, qui se refl\u00e8te dans le serment l\u00e9gal d&#8217;all\u00e9geance, les pactes internationaux, l&#8217;histoire et la ferme conviction de toutes les composantes de la Des Marocains au Maghreb du Sahara qui sont incontestables, et il est imp\u00e9ratif que le monde sache que ce d\u00e9chiquetage est une organisation. Un terroriste qui exploite les habitants des camps de Hamada et de Tindouf dans des actes de pillage, de vol, de banditisme et de terrorisme en toutes ses formes.<br \/>\nCertains experts estiment que l&#8217;acte terroriste commis par la milice du Polisario est d\u00fb \u00e0 la culture du mal et \u00e0 l&#8217;amour de contr\u00f4ler et d&#8217;intimider les gens afin d&#8217;obtenir ce qui est souhait\u00e9 d&#8217;une mani\u00e8re qui contredit les concepts sociaux \u00e9tablis, et la fabrication de violence mat\u00e9rielle pour atteindre un objectif pr\u00e9cis et c&#8217;est ce que faisait le groupe terroriste ISIS en Syrie et en Irak &#8230; et ce que nous voyons aujourd&#8217;hui comme une r\u00e9plique de la milice du Polisario, comme une extension de la politique d&#8217;Abu Bakr al-Zarqawi, et nous partagerons avec vous certains des actes terroristes odieux qui ont \u00e9t\u00e9 commis par le groupe ISIS, que nous voyons la milice du Polisario mener aujourd&#8217;hui, tels que la contrebande, le crime organis\u00e9, le trafic de drogue, le pillage de l&#8217;aide humanitaire internationale et internationale et le trafic de celle-ci, le viol Enfance par recruter des mineurs, leur donner des armes et semer dans leur c\u0153ur la haine, la haine et la soif de sang, afin que nous ayons un projet terroriste extr\u00e9miste et organis\u00e9, en plus d&#8217;autres crimes qui rapprochent l&#8217;EIIS et son alli\u00e9 du Polisario, comme la traite des \u00eatres humains et d&#8217;autres choses, et ce sont des crimes internationaux qui traversent les continents.<br \/>\nLa milice du Polisario est \u00e9galement consid\u00e9r\u00e9e comme la source de la vaccination des populations subsahariennes avec des \u00e9l\u00e9ments terroristes. Il convient de noter que le chef du groupe terroriste &lt;&lt; \u00c9tat islamique dans le Grand Sahara &gt;&gt;, Adnan Abu Al-Walid al-Sahrawi, est originaire de la Camps de Tindouf, pour que cette r\u00e9gion soit devenue un terreau fertile pour les djihadistes et une usine dans laquelle les esprits terroristes sont dirig\u00e9s et g\u00e9r\u00e9s. Elle est militante, et il est \u00e9trange de voir des g\u00e9n\u00e9raux militaires alg\u00e9riens se mettre de concert avec ces milices terroristes, et cela en soi est le soutien au terrorisme et aux frappes flagrantes sur toutes les lois et conventions internationales, afin que les politiciens et g\u00e9n\u00e9raux militaires alg\u00e9riens impliquent leur pays et ainsi il sera sur la liste des pays qui soutiennent les groupes terroristes quel que soit le peuple Le fr\u00e8re civil alg\u00e9rien qui cherche toujours paix, s\u00e9curit\u00e9 et coexistence, comme pour les camps dans lesquels les membres de l&#8217;Etat islamique sont entra\u00een\u00e9s \u00e0 piller et tuer, il en va de m\u00eame pour les miliciens du Polisario.<br \/>\nA cet \u00e9gard, nous avons contact\u00e9 M. Mohamed Kurti, PDG du Forum National des Libert\u00e9s et des Droits de l&#8217;Homme, qui avait initialement not\u00e9 l&#8217;intervention h\u00e9ro\u00efque et pacifique des Forces Arm\u00e9es Royales Marocaines par ordre du Chef d&#8217;Etat Major de la Guerre G\u00e9n\u00e9rale, le Roi Mohammed VI, que Dieu l&#8217;aide \u00e0 assurer la circulation des personnes et le passage r\u00e9gulier et r\u00e9gulier des marchandises au niveau du passage de la fronti\u00e8re. Guerguerat apr\u00e8s qu&#8217;un groupe de miliciens du Polisario a bloqu\u00e9 le passage et interrompu le cours normal de cette route reliant le Maroc \u00e0 la Grande-Bretagne , L&#8217;Afrique et l&#8217;Europe, et le Pr\u00e9sident a exprim\u00e9 la d\u00e9nonciation et la d\u00e9nonciation par le forum de la torture et des abus de la milice du Polisario contre les d\u00e9tenus dans les camps d&#8217;humiliation et de disgr\u00e2ce, et les privant de leurs droits civils et politiques, sans parler du commerce de l&#8217;aide humanitaire internationale destin\u00e9 pour les d\u00e9tenus qui souffrent des deux probl\u00e8mes, et le porte-parole dit qu&#8217;il s&#8217;arr\u00eate ici aux crimes majeurs qui mesurent les enfants dans les camps en les recrutant, en les for\u00e7ant \u00e0 porter des armes, en les s\u00e9parant de leurs parents et en les transf\u00e9rant involontairement \u00e0 Cuba pour l&#8217;arm\u00e9e formation afin de les inciter \u00e0 affronter leurs familles, leurs familles et leurs familles qui aspirent \u00e0 les voir et \u00e0 les embrasser.<br \/>\nM. Corti a ajout\u00e9 que le lieu naturel de l&#8217;enfant est l&#8217;\u00e9cole, la chaleur de la famille et de la famille, l&#8217;exercice de son droit de jouer, de divertissement, de repos et de d\u00e9tente, et de participer \u00e0 des activit\u00e9s culturelles et cr\u00e9atives, le droit \u00e0 la sant\u00e9 et \u00e0 la m\u00e9decine. . Le pr\u00e9sident du forum a d\u00e9clar\u00e9 que les crimes commis par la milice sont innombrables en refusant l&#8217;enregistrement des enfants dans l&#8217;\u00e9tat civil et la connaissance de leurs parents. Et en obtenant leur attention et en les exposant \u00e0 la violence, aux abus et \u00e0 la n\u00e9gligence, alors que la milice du Polisario s&#8217;oppose \u00e0 la Convention sur la Droits de l&#8217;enfant \u00e9mis par les Nations Unies et viole toutes les conventions et normes internationales, ce qui n\u00e9cessite l&#8217;intensification des efforts de tous les membres du Conseil de s\u00e9curit\u00e9 des Nations Unies et des organisations humanitaires, des droits de l&#8217;homme, des m\u00e9dias et politiques pour d\u00e9noncer ces pratiques et appliquer les sanctions n\u00e9cessaires contre Ces pratiques. Le parti terroriste, qui re\u00e7oit l&#8217;appui, les soins et les conseils d&#8217;un pays arabe voisin et fr\u00e8re, malheureusement, l&#8217;intention ici est la direction alg\u00e9rienne. Quant au peuple, il est pacifique et vaincu comme chacun sait. M. Corti a fait appel \u00e0 toutes les consciences vivantes locales et internationales pour conna\u00eetre les faits et d\u00e9noncer les pratiques criminelles et terroristes anormales de la milice du Polisario dans Le droit d&#8217;une classe fragile attend toute la populace Quel int\u00e9r\u00eat, et leur donner la possibilit\u00e9 de rentrer dans leur pays, le Maroc, pour profiter de la s\u00e9curit\u00e9 et de la s\u00fbret\u00e9, pour vivre une vie digne, pour faire valoir leur droit aux soins et \u00e0 l&#8217;attention, et pour b\u00e9n\u00e9ficier des institutions et installations vitales, et des le produit de la r\u00e9volution du roi et du peuple, qui a fait du Maroc dans les rangs des pays qui avancent et qui respectent dans une large mesure le domaine des libert\u00e9s et des droits de l&#8217;homme.<br \/>\nA cet \u00e9gard, nous avons contact\u00e9 le Professeur Abdel Jalil Majok, un com\u00e9dien, l&#8217;organisateur du Festival National des Jeunes Humoristes de Casablanca et le Pr\u00e9sident de l&#8217;Association Espace Communicatif de la r\u00e9gion Moulay Rachid Sidi Othman, qui nous a exprim\u00e9 sa position \u00e0 l&#8217;\u00e9gard de ces milices. ou ce qu&#8217;ils sont appel\u00e9s les mercenaires du Polisario et leurs actes criminels qui frappent toutes les conventions et trait\u00e9s internationaux. Le porte-parole a ajout\u00e9 que la question du Sahara marocain est une question populaire qui a des racines profondes s&#8217;\u00e9tendant de Tanger au nord \u00e0 la ville de Bouira au sud, et que le peuple marocain qui a pr\u00e9serv\u00e9 son identit\u00e9, ses principes et sa religion sous la direction avis\u00e9e des honorables rois alaouites, a \u00e9galement ajout\u00e9 par le professeur Abdul Jalil Majouk que l&#8217;attention port\u00e9e par Sa Majest\u00e9 le Roi Muhammad VI, que Dieu lui accorde la victoire Sahara marocain, en tant que prolongement de la consolidation d&#8217;une culture de paix, de coexistence et de s\u00e9curit\u00e9 entre tous les Marocains avec leurs divers dialectes et lieux g\u00e9ographiques. M. Majok a soulign\u00e9 la n\u00e9cessit\u00e9 de suivre les traces du monarque marocain pour prier l&#8217;ut\u00e9rus avec nos fr\u00e8res au Sahara, ceci apr\u00e8s la r\u00e9cente reconnaissance am\u00e9ricaine, qui est consid\u00e9r\u00e9e comme une reconnaissance historique et une victoire pour la diplomatie marocaine exp\u00e9riment\u00e9e. Le moment est venu pour le rideau de tomber sur le dossier du Sahara occidental Cette divinit\u00e9 prolong\u00e9e est une question qui \u00e9tait, est et restera sous la souverainet\u00e9 marocaine jusqu&#8217;\u00e0 ce que Dieu h\u00e9rite de la terre et de ceux qui s&#8217;y trouvent.<\/p>\n","protected":false},"excerpt":{"rendered":"<p>L&#8217;Etat islamique et le Polisario sont les deux faces d&#8217;une m\u00eame m\u00e9daille. \u00c9crit par: Ahmed Al-Sharafi Suivi et \u00e9dition: Professeur Muhammad Reda Certains peuvent diff\u00e9rer dans le concept du mot terrorisme, mais sa v\u00e9ritable signification est un groupe d&#8217;actes de violence commis par une organisation ou des individus dans l&#8217;intention de perturber la s\u00e9curit\u00e9 de [&hellip;]<\/p>\n","protected":false},"author":7,"featured_media":6398,"comment_status":"open","ping_status":"open","sticky":false,"template":"","format":"standard","meta":{"footnotes":""},"categories":[1,17],"tags":[],"class_list":["post-6734","post","type-post","status-publish","format-standard","has-post-thumbnail","hentry","category-1","category-17"],"_links":{"self":[{"href":"https:\/\/nojoumpress.ma\/index.php?rest_route=\/wp\/v2\/posts\/6734","targetHints":{"allow":["GET"]}}],"collection":[{"href":"https:\/\/nojoumpress.ma\/index.php?rest_route=\/wp\/v2\/posts"}],"about":[{"href":"https:\/\/nojoumpress.ma\/index.php?rest_route=\/wp\/v2\/types\/post"}],"author":[{"embeddable":true,"href":"https:\/\/nojoumpress.ma\/index.php?rest_route=\/wp\/v2\/users\/7"}],"replies":[{"embeddable":true,"href":"https:\/\/nojoumpress.ma\/index.php?rest_route=%2Fwp%2Fv2%2Fcomments&post=6734"}],"version-history":[{"count":3,"href":"https:\/\/nojoumpress.ma\/index.php?rest_route=\/wp\/v2\/posts\/6734\/revisions"}],"predecessor-version":[{"id":6833,"href":"https:\/\/nojoumpress.ma\/index.php?rest_route=\/wp\/v2\/posts\/6734\/revisions\/6833"}],"wp:featuredmedia":[{"embeddable":true,"href":"https:\/\/nojoumpress.ma\/index.php?rest_route=\/wp\/v2\/media\/6398"}],"wp:attachment":[{"href":"https:\/\/nojoumpress.ma\/index.php?rest_route=%2Fwp%2Fv2%2Fmedia&parent=6734"}],"wp:term":[{"taxonomy":"category","embeddable":true,"href":"https:\/\/nojoumpress.ma\/index.php?rest_route=%2Fwp%2Fv2%2Fcategories&post=6734"},{"taxonomy":"post_tag","embeddable":true,"href":"https:\/\/nojoumpress.ma\/index.php?rest_route=%2Fwp%2Fv2%2Ftags&post=6734"}],"curies":[{"name":"wp","href":"https:\/\/api.w.org\/{rel}","templated":true}]}}