{"id":21767,"date":"2025-01-28T08:32:28","date_gmt":"2025-01-28T08:32:28","guid":{"rendered":"https:\/\/nojoumpress.ma\/?p=21767"},"modified":"2025-01-28T13:14:21","modified_gmt":"2025-01-28T13:14:21","slug":"lalgerie-suscite-la-controverse-un-entraineur-bosniaque-represente-une-federation-etablie-de-longue-date-lors-dune-reunion-au-maroc","status":"publish","type":"post","link":"https:\/\/nojoumpress.ma\/?p=21767","title":{"rendered":"L&#8217;Alg\u00e9rie suscite la controverse : Un entra\u00eeneur bosniaque repr\u00e9sente une f\u00e9d\u00e9ration \u00e9tablie de longue date lors d&#8217;une r\u00e9union au Maroc"},"content":{"rendered":"<p style=\"text-align: left;\">L&#8217;Alg\u00e9rie suscite la controverse : Un entra\u00eeneur bosniaque repr\u00e9sente une f\u00e9d\u00e9ration \u00e9tablie de longue date lors d&#8217;une r\u00e9union au Maroc<\/p>\n<p>&nbsp;<\/p>\n<p style=\"text-align: left;\">Citation de Nujoom Press Ayman Al Radi<\/p>\n<p>&nbsp;<\/p>\n<p><img loading=\"lazy\" decoding=\"async\" class=\"size-medium wp-image-21755 aligncenter\" src=\"https:\/\/nojoumpress.ma\/wp-content\/uploads\/2025\/01\/FB_IMG_1738050197394-300x300.jpg\" alt=\"\" width=\"300\" height=\"300\" srcset=\"https:\/\/nojoumpress.ma\/wp-content\/uploads\/2025\/01\/FB_IMG_1738050197394-300x300.jpg 300w, https:\/\/nojoumpress.ma\/wp-content\/uploads\/2025\/01\/FB_IMG_1738050197394-150x150.jpg 150w, https:\/\/nojoumpress.ma\/wp-content\/uploads\/2025\/01\/FB_IMG_1738050197394.jpg 720w\" sizes=\"auto, (max-width: 300px) 100vw, 300px\" \/><\/p>\n<p>&nbsp;<\/p>\n<p style=\"text-align: left;\">Dans un geste sans pr\u00e9c\u00e9dent qui a suscit\u00e9 un large d\u00e9bat dans les milieux sportifs maghr\u00e9bins, l&#8217;Alg\u00e9rie a choisi d&#8217;envoyer son directeur technique bosniaque pour la repr\u00e9senter \u00e0 une importante r\u00e9union de football au Maroc, alors que tous les pr\u00e9sidents des autres f\u00e9d\u00e9rations de football y assistaient en personne.<\/p>\n<p style=\"text-align: left;\">Dans un d\u00e9veloppement qui refl\u00e8te la profondeur de la crise dans les relations bilat\u00e9rales, il est clair que la d\u00e9cision d\u00e9passe le cadre purement sportif pour refl\u00e9ter une position politique plus profonde. L&#8217;Alg\u00e9rie, qui a une longue histoire dans le football africain, a choisi d&#8217;\u00eatre le seul pays \u00e0 ne pas \u00eatre repr\u00e9sent\u00e9 par le pr\u00e9sident de sa f\u00e9d\u00e9ration lors de cette importante r\u00e9union.<\/p>\n<p style=\"text-align: left;\">Les analystes estiment que cette d\u00e9cision repr\u00e9sente un nouveau recul dans le cours des relations sportives entre les deux pays, d&#8217;autant plus que le football a toujours \u00e9t\u00e9 un trait d&#8217;union entre les peuples. L&#8217;envoi d&#8217;un entra\u00eeneur \u00e9tranger pour repr\u00e9senter une f\u00e9d\u00e9ration de la taille de la f\u00e9d\u00e9ration alg\u00e9rienne lors d&#8217;une importante r\u00e9union r\u00e9gionale soul\u00e8ve de nombreuses questions quant \u00e0 l&#8217;avenir de la coop\u00e9ration sportive dans la r\u00e9gion.<\/p>\n<p style=\"text-align: left;\">Cette d\u00e9cision devrait avoir des r\u00e9percussions n\u00e9gatives sur l&#8217;avenir des relations sportives dans la r\u00e9gion, notamment en termes d&#8217;organisation de tournois communs et d&#8217;\u00e9change d&#8217;expertise technique. Elle pourrait \u00e9galement avoir un impact n\u00e9gatif sur les possibilit\u00e9s de mobilit\u00e9 des joueurs entre les clubs des deux pays.<\/p>\n<p style=\"text-align: left;\">\u00c0 la lumi\u00e8re de ces d\u00e9veloppements, la question reste pos\u00e9e : Le moment est-il venu de neutraliser le sport des conflits politiques et les supporters des deux pays peuvent-ils esp\u00e9rer un avenir meilleur pour les relations sportives entre les deux pays ?<\/p>\n<p style=\"text-align: left;\">La r\u00e9ponse \u00e0 ces questions reste tributaire des d\u00e9veloppements futurs, mais ce qui est certain, c&#8217;est que les plus grands perdants dans cette situation sont les sports et les athl\u00e8tes des deux pays. Le sport, en particulier le football, a toujours \u00e9t\u00e9 un moyen de rapprocher les gens, et non de creuser le foss\u00e9 qui les s\u00e9pare.<\/p>\n","protected":false},"excerpt":{"rendered":"<p>L&#8217;Alg\u00e9rie suscite la controverse : Un entra\u00eeneur bosniaque repr\u00e9sente une f\u00e9d\u00e9ration \u00e9tablie de longue date lors d&#8217;une r\u00e9union au Maroc &nbsp; Citation de Nujoom Press Ayman Al Radi &nbsp; &nbsp; Dans un geste sans pr\u00e9c\u00e9dent qui a suscit\u00e9 un large d\u00e9bat dans les milieux sportifs maghr\u00e9bins, l&#8217;Alg\u00e9rie a choisi d&#8217;envoyer son directeur technique bosniaque pour [&hellip;]<\/p>\n","protected":false},"author":7,"featured_media":21755,"comment_status":"open","ping_status":"open","sticky":false,"template":"","format":"standard","meta":{"footnotes":""},"categories":[6],"tags":[],"class_list":["post-21767","post","type-post","status-publish","format-standard","has-post-thumbnail","hentry","category-6"],"_links":{"self":[{"href":"https:\/\/nojoumpress.ma\/index.php?rest_route=\/wp\/v2\/posts\/21767","targetHints":{"allow":["GET"]}}],"collection":[{"href":"https:\/\/nojoumpress.ma\/index.php?rest_route=\/wp\/v2\/posts"}],"about":[{"href":"https:\/\/nojoumpress.ma\/index.php?rest_route=\/wp\/v2\/types\/post"}],"author":[{"embeddable":true,"href":"https:\/\/nojoumpress.ma\/index.php?rest_route=\/wp\/v2\/users\/7"}],"replies":[{"embeddable":true,"href":"https:\/\/nojoumpress.ma\/index.php?rest_route=%2Fwp%2Fv2%2Fcomments&post=21767"}],"version-history":[{"count":3,"href":"https:\/\/nojoumpress.ma\/index.php?rest_route=\/wp\/v2\/posts\/21767\/revisions"}],"predecessor-version":[{"id":21770,"href":"https:\/\/nojoumpress.ma\/index.php?rest_route=\/wp\/v2\/posts\/21767\/revisions\/21770"}],"wp:featuredmedia":[{"embeddable":true,"href":"https:\/\/nojoumpress.ma\/index.php?rest_route=\/wp\/v2\/media\/21755"}],"wp:attachment":[{"href":"https:\/\/nojoumpress.ma\/index.php?rest_route=%2Fwp%2Fv2%2Fmedia&parent=21767"}],"wp:term":[{"taxonomy":"category","embeddable":true,"href":"https:\/\/nojoumpress.ma\/index.php?rest_route=%2Fwp%2Fv2%2Fcategories&post=21767"},{"taxonomy":"post_tag","embeddable":true,"href":"https:\/\/nojoumpress.ma\/index.php?rest_route=%2Fwp%2Fv2%2Ftags&post=21767"}],"curies":[{"name":"wp","href":"https:\/\/api.w.org\/{rel}","templated":true}]}}